{"id":972,"date":"2023-06-14T15:23:12","date_gmt":"2023-06-14T18:23:12","guid":{"rendered":"https:\/\/www.insside.net\/pt\/?p=972"},"modified":"2023-06-14T15:23:13","modified_gmt":"2023-06-14T18:23:13","slug":"a-falta-de-especialistas-em-seguranca-cibernetica-leva-a-maiores-riscos","status":"publish","type":"post","link":"https:\/\/www.insside.net\/pt\/a-falta-de-especialistas-em-seguranca-cibernetica-leva-a-maiores-riscos\/","title":{"rendered":"A falta de especialistas em seguran\u00e7a cibern\u00e9tica leva a maiores riscos"},"content":{"rendered":"\n\n\n<p>Atualmente, as amea\u00e7as cibern\u00e9ticas representam um risco significativo para pequenas, m\u00e9dias e grandes empresas. Infelizmente, uma das principais vulnerabilidades que muitas organiza\u00e7\u00f5es enfrentam \u00e9 a falta de pessoal treinado em seguran\u00e7a cibern\u00e9tica.<\/p>\n\n\n\n<p><strong>A falta de pessoal treinado na ind\u00fastria de seguran\u00e7a cibern\u00e9tica aumenta os riscos, j\u00e1 que as amea\u00e7as est\u00e3o cada vez mais evolu\u00eddas e sofisticadas<\/strong>. Isso deixa as empresas expostas, em termos de dif\u00edcil detec\u00e7\u00e3o de ataques, sofrendo assim falhas de seguran\u00e7a.<\/p>\n\n\n\n<p><strong>A detec\u00e7\u00e3o precoce de amea\u00e7as cibern\u00e9ticas \u00e9 essencial para minimizar danos e mitigar riscos.<\/strong> Por isso, <strong>\u00e9 muito importante contar com pessoal treinado em seguran\u00e7a cibern\u00e9tica<\/strong>, para que os dados da empresa sejam bem protegidos e gerenciados, al\u00e9m de garantir a continuidade dos neg\u00f3cios e garantir a boa reputa\u00e7\u00e3o da empresa.<\/p>\n\n\n\n<p><strong>A implementa\u00e7\u00e3o de medidas de seguran\u00e7a \u00e9 essencial, e a falta de pessoal treinado dificulta a implementa\u00e7\u00e3o de medidas eficazes.<\/strong> Por sua vez, a configura\u00e7\u00e3o incorreta dos sistemas de seguran\u00e7a, a falta de atualiza\u00e7\u00f5es regulares e a incapacidade de avaliar e selecionar solu\u00e7\u00f5es adequadas, aumentam a vulnerabilidade das empresas \u00e0s amea\u00e7as cibern\u00e9ticas. Portanto, \u00e9 essencial ter especialistas em seguran\u00e7a cibern\u00e9tica.<\/p>\n\n\n\n<p>Todas as empresas devem investir na forma\u00e7\u00e3o dos seus quadros, dada a crescente complexidade das amea\u00e7as. Al\u00e9m disso, a colabora\u00e7\u00e3o com empresas externas de seguran\u00e7a cibern\u00e9tica pode trazer conhecimento especializado e uma abordagem multidisciplinar para proteger a empresa de poss\u00edveis amea\u00e7as.<\/p>\n\n\n\n<p><a href=\"https:\/\/www.insside.net\/pt\/contato\/\">Para mais informa\u00e7\u00f5es entre em contato com a INSIDE<\/a><\/p>\n","protected":false},"excerpt":{"rendered":"<p>A falta de pessoal treinado em seguran\u00e7a cibern\u00e9tica pode representar um risco que leva ao fechamento de uma empresa.<\/p>\n","protected":false},"author":3,"featured_media":973,"comment_status":"closed","ping_status":"open","sticky":false,"template":"","format":"standard","meta":{"content-type":"","inline_featured_image":false,"footnotes":""},"categories":[],"tags":[19,24,23],"yoast_head":"<!-- This site is optimized with the Yoast SEO plugin v21.2 - https:\/\/yoast.com\/wordpress\/plugins\/seo\/ -->\n<title>A falta de especialistas em seguran\u00e7a cibern\u00e9tica leva a maiores riscos - Insside PT<\/title>\n<meta name=\"robots\" content=\"index, follow, max-snippet:-1, max-image-preview:large, max-video-preview:-1\" \/>\n<link rel=\"canonical\" href=\"https:\/\/www.insside.net\/pt\/a-falta-de-especialistas-em-seguranca-cibernetica-leva-a-maiores-riscos\/\" \/>\n<meta property=\"og:locale\" content=\"pt_BR\" \/>\n<meta property=\"og:type\" content=\"article\" \/>\n<meta property=\"og:title\" content=\"A falta de especialistas em seguran\u00e7a cibern\u00e9tica leva a maiores riscos - Insside PT\" \/>\n<meta property=\"og:description\" content=\"A falta de pessoal treinado em seguran\u00e7a cibern\u00e9tica pode representar um risco que leva ao fechamento de uma empresa.\" \/>\n<meta property=\"og:url\" content=\"https:\/\/www.insside.net\/pt\/a-falta-de-especialistas-em-seguranca-cibernetica-leva-a-maiores-riscos\/\" \/>\n<meta property=\"og:site_name\" content=\"Insside PT\" \/>\n<meta property=\"article:published_time\" content=\"2023-06-14T18:23:12+00:00\" \/>\n<meta property=\"article:modified_time\" content=\"2023-06-14T18:23:13+00:00\" \/>\n<meta property=\"og:image\" content=\"https:\/\/www.insside.net\/pt\/wp-content\/uploads\/sites\/8\/2023\/06\/Diseno-sin-titulo-4.png\" \/>\n\t<meta property=\"og:image:width\" content=\"1920\" \/>\n\t<meta property=\"og:image:height\" content=\"842\" \/>\n\t<meta property=\"og:image:type\" content=\"image\/png\" \/>\n<meta name=\"twitter:card\" content=\"summary_large_image\" \/>\n<meta name=\"twitter:label1\" content=\"Escrito por\" \/>\n\t<meta name=\"twitter:data1\" content=\"\" \/>\n\t<meta name=\"twitter:label2\" content=\"Est. tempo de leitura\" \/>\n\t<meta name=\"twitter:data2\" content=\"2 minutos\" \/>\n<script type=\"application\/ld+json\" class=\"yoast-schema-graph\">{\"@context\":\"https:\/\/schema.org\",\"@graph\":[{\"@type\":\"Article\",\"@id\":\"https:\/\/www.insside.net\/pt\/a-falta-de-especialistas-em-seguranca-cibernetica-leva-a-maiores-riscos\/#article\",\"isPartOf\":{\"@id\":\"https:\/\/www.insside.net\/pt\/a-falta-de-especialistas-em-seguranca-cibernetica-leva-a-maiores-riscos\/\"},\"author\":{\"name\":\"\",\"@id\":\"\"},\"headline\":\"A falta de especialistas em seguran\u00e7a cibern\u00e9tica leva a maiores riscos\",\"datePublished\":\"2023-06-14T18:23:12+00:00\",\"dateModified\":\"2023-06-14T18:23:13+00:00\",\"mainEntityOfPage\":{\"@id\":\"https:\/\/www.insside.net\/pt\/a-falta-de-especialistas-em-seguranca-cibernetica-leva-a-maiores-riscos\/\"},\"wordCount\":285,\"publisher\":{\"@id\":\"https:\/\/www.insside.net\/pt\/#organization\"},\"keywords\":[\"ciberseguridad\",\"consultoria\",\"informacion\"],\"inLanguage\":\"pt-BR\"},{\"@type\":\"WebPage\",\"@id\":\"https:\/\/www.insside.net\/pt\/a-falta-de-especialistas-em-seguranca-cibernetica-leva-a-maiores-riscos\/\",\"url\":\"https:\/\/www.insside.net\/pt\/a-falta-de-especialistas-em-seguranca-cibernetica-leva-a-maiores-riscos\/\",\"name\":\"A falta de especialistas em seguran\u00e7a cibern\u00e9tica leva a maiores riscos - Insside PT\",\"isPartOf\":{\"@id\":\"https:\/\/www.insside.net\/pt\/#website\"},\"datePublished\":\"2023-06-14T18:23:12+00:00\",\"dateModified\":\"2023-06-14T18:23:13+00:00\",\"breadcrumb\":{\"@id\":\"https:\/\/www.insside.net\/pt\/a-falta-de-especialistas-em-seguranca-cibernetica-leva-a-maiores-riscos\/#breadcrumb\"},\"inLanguage\":\"pt-BR\",\"potentialAction\":[{\"@type\":\"ReadAction\",\"target\":[\"https:\/\/www.insside.net\/pt\/a-falta-de-especialistas-em-seguranca-cibernetica-leva-a-maiores-riscos\/\"]}]},{\"@type\":\"BreadcrumbList\",\"@id\":\"https:\/\/www.insside.net\/pt\/a-falta-de-especialistas-em-seguranca-cibernetica-leva-a-maiores-riscos\/#breadcrumb\",\"itemListElement\":[{\"@type\":\"ListItem\",\"position\":1,\"name\":\"Inicio\",\"item\":\"https:\/\/www.insside.net\/pt\/\"},{\"@type\":\"ListItem\",\"position\":2,\"name\":\"A falta de especialistas em seguran\u00e7a cibern\u00e9tica leva a maiores riscos\"}]},{\"@type\":\"WebSite\",\"@id\":\"https:\/\/www.insside.net\/pt\/#website\",\"url\":\"https:\/\/www.insside.net\/pt\/\",\"name\":\"Insside PT\",\"description\":\"L\u00edderes en Ciberseguridad\",\"publisher\":{\"@id\":\"https:\/\/www.insside.net\/pt\/#organization\"},\"potentialAction\":[{\"@type\":\"SearchAction\",\"target\":{\"@type\":\"EntryPoint\",\"urlTemplate\":\"https:\/\/www.insside.net\/pt\/?s={search_term_string}\"},\"query-input\":\"required name=search_term_string\"}],\"inLanguage\":\"pt-BR\"},{\"@type\":\"Organization\",\"@id\":\"https:\/\/www.insside.net\/pt\/#organization\",\"name\":\"Insside PT\",\"url\":\"https:\/\/www.insside.net\/pt\/\",\"logo\":{\"@type\":\"ImageObject\",\"inLanguage\":\"pt-BR\",\"@id\":\"https:\/\/www.insside.net\/pt\/#\/schema\/logo\/image\/\",\"url\":\"https:\/\/www.insside.net\/pt\/wp-content\/uploads\/sites\/8\/2023\/03\/insside_logo-fav-1.png\",\"contentUrl\":\"https:\/\/www.insside.net\/pt\/wp-content\/uploads\/sites\/8\/2023\/03\/insside_logo-fav-1.png\",\"width\":77,\"height\":77,\"caption\":\"Insside PT\"},\"image\":{\"@id\":\"https:\/\/www.insside.net\/pt\/#\/schema\/logo\/image\/\"}},{\"@type\":\"Person\",\"@id\":\"\",\"url\":\"https:\/\/www.insside.net\/pt\/author\/\"}]}<\/script>\n<!-- \/ Yoast SEO plugin. -->","yoast_head_json":{"title":"A falta de especialistas em seguran\u00e7a cibern\u00e9tica leva a maiores riscos - Insside PT","robots":{"index":"index","follow":"follow","max-snippet":"max-snippet:-1","max-image-preview":"max-image-preview:large","max-video-preview":"max-video-preview:-1"},"canonical":"https:\/\/www.insside.net\/pt\/a-falta-de-especialistas-em-seguranca-cibernetica-leva-a-maiores-riscos\/","og_locale":"pt_BR","og_type":"article","og_title":"A falta de especialistas em seguran\u00e7a cibern\u00e9tica leva a maiores riscos - Insside PT","og_description":"A falta de pessoal treinado em seguran\u00e7a cibern\u00e9tica pode representar um risco que leva ao fechamento de uma empresa.","og_url":"https:\/\/www.insside.net\/pt\/a-falta-de-especialistas-em-seguranca-cibernetica-leva-a-maiores-riscos\/","og_site_name":"Insside PT","article_published_time":"2023-06-14T18:23:12+00:00","article_modified_time":"2023-06-14T18:23:13+00:00","og_image":[{"width":1920,"height":842,"url":"https:\/\/www.insside.net\/pt\/wp-content\/uploads\/sites\/8\/2023\/06\/Diseno-sin-titulo-4.png","type":"image\/png"}],"twitter_card":"summary_large_image","twitter_misc":{"Escrito por":"","Est. tempo de leitura":"2 minutos"},"schema":{"@context":"https:\/\/schema.org","@graph":[{"@type":"Article","@id":"https:\/\/www.insside.net\/pt\/a-falta-de-especialistas-em-seguranca-cibernetica-leva-a-maiores-riscos\/#article","isPartOf":{"@id":"https:\/\/www.insside.net\/pt\/a-falta-de-especialistas-em-seguranca-cibernetica-leva-a-maiores-riscos\/"},"author":{"name":"","@id":""},"headline":"A falta de especialistas em seguran\u00e7a cibern\u00e9tica leva a maiores riscos","datePublished":"2023-06-14T18:23:12+00:00","dateModified":"2023-06-14T18:23:13+00:00","mainEntityOfPage":{"@id":"https:\/\/www.insside.net\/pt\/a-falta-de-especialistas-em-seguranca-cibernetica-leva-a-maiores-riscos\/"},"wordCount":285,"publisher":{"@id":"https:\/\/www.insside.net\/pt\/#organization"},"keywords":["ciberseguridad","consultoria","informacion"],"inLanguage":"pt-BR"},{"@type":"WebPage","@id":"https:\/\/www.insside.net\/pt\/a-falta-de-especialistas-em-seguranca-cibernetica-leva-a-maiores-riscos\/","url":"https:\/\/www.insside.net\/pt\/a-falta-de-especialistas-em-seguranca-cibernetica-leva-a-maiores-riscos\/","name":"A falta de especialistas em seguran\u00e7a cibern\u00e9tica leva a maiores riscos - Insside PT","isPartOf":{"@id":"https:\/\/www.insside.net\/pt\/#website"},"datePublished":"2023-06-14T18:23:12+00:00","dateModified":"2023-06-14T18:23:13+00:00","breadcrumb":{"@id":"https:\/\/www.insside.net\/pt\/a-falta-de-especialistas-em-seguranca-cibernetica-leva-a-maiores-riscos\/#breadcrumb"},"inLanguage":"pt-BR","potentialAction":[{"@type":"ReadAction","target":["https:\/\/www.insside.net\/pt\/a-falta-de-especialistas-em-seguranca-cibernetica-leva-a-maiores-riscos\/"]}]},{"@type":"BreadcrumbList","@id":"https:\/\/www.insside.net\/pt\/a-falta-de-especialistas-em-seguranca-cibernetica-leva-a-maiores-riscos\/#breadcrumb","itemListElement":[{"@type":"ListItem","position":1,"name":"Inicio","item":"https:\/\/www.insside.net\/pt\/"},{"@type":"ListItem","position":2,"name":"A falta de especialistas em seguran\u00e7a cibern\u00e9tica leva a maiores riscos"}]},{"@type":"WebSite","@id":"https:\/\/www.insside.net\/pt\/#website","url":"https:\/\/www.insside.net\/pt\/","name":"Insside PT","description":"L\u00edderes en Ciberseguridad","publisher":{"@id":"https:\/\/www.insside.net\/pt\/#organization"},"potentialAction":[{"@type":"SearchAction","target":{"@type":"EntryPoint","urlTemplate":"https:\/\/www.insside.net\/pt\/?s={search_term_string}"},"query-input":"required name=search_term_string"}],"inLanguage":"pt-BR"},{"@type":"Organization","@id":"https:\/\/www.insside.net\/pt\/#organization","name":"Insside PT","url":"https:\/\/www.insside.net\/pt\/","logo":{"@type":"ImageObject","inLanguage":"pt-BR","@id":"https:\/\/www.insside.net\/pt\/#\/schema\/logo\/image\/","url":"https:\/\/www.insside.net\/pt\/wp-content\/uploads\/sites\/8\/2023\/03\/insside_logo-fav-1.png","contentUrl":"https:\/\/www.insside.net\/pt\/wp-content\/uploads\/sites\/8\/2023\/03\/insside_logo-fav-1.png","width":77,"height":77,"caption":"Insside PT"},"image":{"@id":"https:\/\/www.insside.net\/pt\/#\/schema\/logo\/image\/"}},{"@type":"Person","@id":"","url":"https:\/\/www.insside.net\/pt\/author\/"}]}},"jetpack_featured_media_url":"https:\/\/www.insside.net\/pt\/wp-content\/uploads\/sites\/8\/2023\/06\/Diseno-sin-titulo-4.png","_links":{"self":[{"href":"https:\/\/www.insside.net\/pt\/wp-json\/wp\/v2\/posts\/972"}],"collection":[{"href":"https:\/\/www.insside.net\/pt\/wp-json\/wp\/v2\/posts"}],"about":[{"href":"https:\/\/www.insside.net\/pt\/wp-json\/wp\/v2\/types\/post"}],"author":[{"embeddable":true,"href":"https:\/\/www.insside.net\/pt\/wp-json\/wp\/v2\/users\/3"}],"replies":[{"embeddable":true,"href":"https:\/\/www.insside.net\/pt\/wp-json\/wp\/v2\/comments?post=972"}],"version-history":[{"count":1,"href":"https:\/\/www.insside.net\/pt\/wp-json\/wp\/v2\/posts\/972\/revisions"}],"predecessor-version":[{"id":974,"href":"https:\/\/www.insside.net\/pt\/wp-json\/wp\/v2\/posts\/972\/revisions\/974"}],"wp:featuredmedia":[{"embeddable":true,"href":"https:\/\/www.insside.net\/pt\/wp-json\/wp\/v2\/media\/973"}],"wp:attachment":[{"href":"https:\/\/www.insside.net\/pt\/wp-json\/wp\/v2\/media?parent=972"}],"wp:term":[{"taxonomy":"category","embeddable":true,"href":"https:\/\/www.insside.net\/pt\/wp-json\/wp\/v2\/categories?post=972"},{"taxonomy":"post_tag","embeddable":true,"href":"https:\/\/www.insside.net\/pt\/wp-json\/wp\/v2\/tags?post=972"}],"curies":[{"name":"wp","href":"https:\/\/api.w.org\/{rel}","templated":true}]}}